{"id":1781,"count":0,"description":"<strong>Mathieu Mercier<\/strong> est un artiste plasticien fran\u00e7ais n\u00e9 en 1970. Il vit et travaille \u00e0 Paris. Apr\u00e8s l'obtention du Prix Marcel Duchamp en 2003, suivi d'une exposition au Centre Pompidou\u00a0: <em>Le Pavillon<\/em>, l'ensemble du travail de Mathieu Mercier a \u00e9t\u00e9 pr\u00e9sent\u00e9 au Mus\u00e9e d'art moderne de la ville de Paris\/ARC en 2007, puis \u00e0 la Kunsthalle de Nuremberg en 2008. Dans la lign\u00e9e de Duchamp et Mondrian, Mathieu Mercier s\u2019attache \u00e0 d\u00e9celer et r\u00e9v\u00e9ler la place de la beaut\u00e9 dans les objets de la vie quotidienne. Ses multiples talents de peintre, sculpteur, architecte, et r\u00e9alisateur l\u2019ont amen\u00e9 \u00e0 travailler \u00e0 partir d\u2019objets issus de la consommation de masse que nous connaissons tous mais qui sont alors per\u00e7us d\u2019une mani\u00e8re esth\u00e9tique et artistique.","link":"https:\/\/eva-vautier.com\/en\/produit\/artistes-invites-en\/mercier-mathieu-en\/","name":"Mathieu Mercier","slug":"mercier-mathieu-en","taxonomy":"product_cat","parent":1776,"meta":[],"menu_order":67,"yoast_head":"<!-- This site is optimized with the Yoast SEO plugin v27.5 - https:\/\/yoast.com\/product\/yoast-seo-wordpress\/ -->\n<title>Mathieu Mercier Archives ~ Galerie Eva Vautier<\/title>\n<meta name=\"robots\" content=\"index, follow, max-snippet:-1, max-image-preview:large, max-video-preview:-1\" \/>\n<link rel=\"canonical\" href=\"https:\/\/eva-vautier.com\/en\/produit\/artistes-invites-en\/mercier-mathieu-en\/\" \/>\n<meta property=\"og:locale\" content=\"en_US\" \/>\n<meta property=\"og:type\" content=\"article\" \/>\n<meta property=\"og:title\" content=\"Mathieu Mercier Archives ~ Galerie Eva Vautier\" \/>\n<meta property=\"og:description\" content=\"Mathieu Mercier est un artiste plasticien fran\u00e7ais n\u00e9 en 1970. Il vit et travaille \u00e0 Paris. Apr\u00e8s l&#8217;obtention du Prix Marcel Duchamp en 2003, suivi d&#8217;une exposition au Centre Pompidou\u00a0: Le Pavillon, l&#8217;ensemble du travail de Mathieu Mercier a \u00e9t\u00e9 pr\u00e9sent\u00e9 au Mus\u00e9e d&#8217;art moderne de la ville de Paris\/ARC en 2007, puis \u00e0 la Kunsthalle de Nuremberg en 2008. Dans la lign\u00e9e de Duchamp et Mondrian, Mathieu Mercier s\u2019attache \u00e0 d\u00e9celer et r\u00e9v\u00e9ler la place de la beaut\u00e9 dans les objets de la vie quotidienne. Ses multiples talents de peintre, sculpteur, architecte, et r\u00e9alisateur l\u2019ont amen\u00e9 \u00e0 travailler \u00e0 partir d\u2019objets issus de la consommation de masse que nous connaissons tous mais qui sont alors per\u00e7us d\u2019une mani\u00e8re esth\u00e9tique et artistique.\" \/>\n<meta property=\"og:url\" content=\"https:\/\/eva-vautier.com\/en\/produit\/artistes-invites-en\/mercier-mathieu-en\/\" \/>\n<meta property=\"og:site_name\" content=\"Galerie Eva Vautier\" \/>\n<meta name=\"twitter:card\" content=\"summary_large_image\" \/>\n<meta name=\"twitter:site\" content=\"@EvaVautier\" \/>\n<script type=\"application\/ld+json\" class=\"yoast-schema-graph\">{\"@context\":\"https:\\\/\\\/schema.org\",\"@graph\":[{\"@type\":\"CollectionPage\",\"@id\":\"https:\\\/\\\/eva-vautier.com\\\/en\\\/produit\\\/artistes-invites-en\\\/mercier-mathieu-en\\\/\",\"url\":\"https:\\\/\\\/eva-vautier.com\\\/en\\\/produit\\\/artistes-invites-en\\\/mercier-mathieu-en\\\/\",\"name\":\"Mathieu Mercier Archives ~ Galerie Eva Vautier\",\"isPartOf\":{\"@id\":\"https:\\\/\\\/eva-vautier.com\\\/en\\\/#website\"},\"breadcrumb\":{\"@id\":\"https:\\\/\\\/eva-vautier.com\\\/en\\\/produit\\\/artistes-invites-en\\\/mercier-mathieu-en\\\/#breadcrumb\"},\"inLanguage\":\"en-US\"},{\"@type\":\"BreadcrumbList\",\"@id\":\"https:\\\/\\\/eva-vautier.com\\\/en\\\/produit\\\/artistes-invites-en\\\/mercier-mathieu-en\\\/#breadcrumb\",\"itemListElement\":[{\"@type\":\"ListItem\",\"position\":1,\"name\":\"Artistes invit\u00e9s\",\"item\":\"https:\\\/\\\/eva-vautier.com\\\/produit\\\/artistes-invites\\\/\"},{\"@type\":\"ListItem\",\"position\":2,\"name\":\"Mathieu Mercier\"}]},{\"@type\":\"WebSite\",\"@id\":\"https:\\\/\\\/eva-vautier.com\\\/en\\\/#website\",\"url\":\"https:\\\/\\\/eva-vautier.com\\\/en\\\/\",\"name\":\"Galerie Eva Vautier\",\"description\":\"Galerie d&#039;art contemporain\",\"publisher\":{\"@id\":\"https:\\\/\\\/eva-vautier.com\\\/en\\\/#organization\"},\"potentialAction\":[{\"@type\":\"SearchAction\",\"target\":{\"@type\":\"EntryPoint\",\"urlTemplate\":\"https:\\\/\\\/eva-vautier.com\\\/en\\\/?s={search_term_string}\"},\"query-input\":{\"@type\":\"PropertyValueSpecification\",\"valueRequired\":true,\"valueName\":\"search_term_string\"}}],\"inLanguage\":\"en-US\"},{\"@type\":\"Organization\",\"@id\":\"https:\\\/\\\/eva-vautier.com\\\/en\\\/#organization\",\"name\":\"Galerie Eva Vautier\",\"url\":\"https:\\\/\\\/eva-vautier.com\\\/en\\\/\",\"logo\":{\"@type\":\"ImageObject\",\"inLanguage\":\"en-US\",\"@id\":\"https:\\\/\\\/eva-vautier.com\\\/en\\\/#\\\/schema\\\/logo\\\/image\\\/\",\"url\":\"http:\\\/\\\/eva-vautier.com\\\/wp-content\\\/uploads\\\/2018\\\/09\\\/logo-galerie-illustrator-04-1.png\",\"contentUrl\":\"http:\\\/\\\/eva-vautier.com\\\/wp-content\\\/uploads\\\/2018\\\/09\\\/logo-galerie-illustrator-04-1.png\",\"width\":200,\"height\":24,\"caption\":\"Galerie Eva Vautier\"},\"image\":{\"@id\":\"https:\\\/\\\/eva-vautier.com\\\/en\\\/#\\\/schema\\\/logo\\\/image\\\/\"},\"sameAs\":[\"https:\\\/\\\/www.facebook.com\\\/evavautier\\\/\",\"https:\\\/\\\/x.com\\\/EvaVautier\",\"https:\\\/\\\/www.instagram.com\\\/galerieevavautier\\\/\"]}]}<\/script>\n<!-- \/ Yoast SEO plugin. -->","yoast_head_json":{"title":"Mathieu Mercier Archives ~ Galerie Eva Vautier","robots":{"index":"index","follow":"follow","max-snippet":"max-snippet:-1","max-image-preview":"max-image-preview:large","max-video-preview":"max-video-preview:-1"},"canonical":"https:\/\/eva-vautier.com\/en\/produit\/artistes-invites-en\/mercier-mathieu-en\/","og_locale":"en_US","og_type":"article","og_title":"Mathieu Mercier Archives ~ Galerie Eva Vautier","og_description":"Mathieu Mercier est un artiste plasticien fran\u00e7ais n\u00e9 en 1970. Il vit et travaille \u00e0 Paris. Apr\u00e8s l&#8217;obtention du Prix Marcel Duchamp en 2003, suivi d&#8217;une exposition au Centre Pompidou\u00a0: Le Pavillon, l&#8217;ensemble du travail de Mathieu Mercier a \u00e9t\u00e9 pr\u00e9sent\u00e9 au Mus\u00e9e d&#8217;art moderne de la ville de Paris\/ARC en 2007, puis \u00e0 la Kunsthalle de Nuremberg en 2008. Dans la lign\u00e9e de Duchamp et Mondrian, Mathieu Mercier s\u2019attache \u00e0 d\u00e9celer et r\u00e9v\u00e9ler la place de la beaut\u00e9 dans les objets de la vie quotidienne. Ses multiples talents de peintre, sculpteur, architecte, et r\u00e9alisateur l\u2019ont amen\u00e9 \u00e0 travailler \u00e0 partir d\u2019objets issus de la consommation de masse que nous connaissons tous mais qui sont alors per\u00e7us d\u2019une mani\u00e8re esth\u00e9tique et artistique.","og_url":"https:\/\/eva-vautier.com\/en\/produit\/artistes-invites-en\/mercier-mathieu-en\/","og_site_name":"Galerie Eva Vautier","twitter_card":"summary_large_image","twitter_site":"@EvaVautier","schema":{"@context":"https:\/\/schema.org","@graph":[{"@type":"CollectionPage","@id":"https:\/\/eva-vautier.com\/en\/produit\/artistes-invites-en\/mercier-mathieu-en\/","url":"https:\/\/eva-vautier.com\/en\/produit\/artistes-invites-en\/mercier-mathieu-en\/","name":"Mathieu Mercier Archives ~ Galerie Eva Vautier","isPartOf":{"@id":"https:\/\/eva-vautier.com\/en\/#website"},"breadcrumb":{"@id":"https:\/\/eva-vautier.com\/en\/produit\/artistes-invites-en\/mercier-mathieu-en\/#breadcrumb"},"inLanguage":"en-US"},{"@type":"BreadcrumbList","@id":"https:\/\/eva-vautier.com\/en\/produit\/artistes-invites-en\/mercier-mathieu-en\/#breadcrumb","itemListElement":[{"@type":"ListItem","position":1,"name":"Artistes invit\u00e9s","item":"https:\/\/eva-vautier.com\/produit\/artistes-invites\/"},{"@type":"ListItem","position":2,"name":"Mathieu Mercier"}]},{"@type":"WebSite","@id":"https:\/\/eva-vautier.com\/en\/#website","url":"https:\/\/eva-vautier.com\/en\/","name":"Galerie Eva Vautier","description":"Galerie d&#039;art contemporain","publisher":{"@id":"https:\/\/eva-vautier.com\/en\/#organization"},"potentialAction":[{"@type":"SearchAction","target":{"@type":"EntryPoint","urlTemplate":"https:\/\/eva-vautier.com\/en\/?s={search_term_string}"},"query-input":{"@type":"PropertyValueSpecification","valueRequired":true,"valueName":"search_term_string"}}],"inLanguage":"en-US"},{"@type":"Organization","@id":"https:\/\/eva-vautier.com\/en\/#organization","name":"Galerie Eva Vautier","url":"https:\/\/eva-vautier.com\/en\/","logo":{"@type":"ImageObject","inLanguage":"en-US","@id":"https:\/\/eva-vautier.com\/en\/#\/schema\/logo\/image\/","url":"http:\/\/eva-vautier.com\/wp-content\/uploads\/2018\/09\/logo-galerie-illustrator-04-1.png","contentUrl":"http:\/\/eva-vautier.com\/wp-content\/uploads\/2018\/09\/logo-galerie-illustrator-04-1.png","width":200,"height":24,"caption":"Galerie Eva Vautier"},"image":{"@id":"https:\/\/eva-vautier.com\/en\/#\/schema\/logo\/image\/"},"sameAs":["https:\/\/www.facebook.com\/evavautier\/","https:\/\/x.com\/EvaVautier","https:\/\/www.instagram.com\/galerieevavautier\/"]}]}},"_links":{"self":[{"href":"https:\/\/eva-vautier.com\/en\/wp-json\/wp\/v2\/product_cat\/1781","targetHints":{"allow":["GET"]}}],"collection":[{"href":"https:\/\/eva-vautier.com\/en\/wp-json\/wp\/v2\/product_cat"}],"about":[{"href":"https:\/\/eva-vautier.com\/en\/wp-json\/wp\/v2\/taxonomies\/product_cat"}],"up":[{"embeddable":true,"href":"https:\/\/eva-vautier.com\/en\/wp-json\/wp\/v2\/product_cat\/1776"}],"wp:post_type":[{"href":"https:\/\/eva-vautier.com\/en\/wp-json\/wp\/v2\/product?product_cat=1781"}],"curies":[{"name":"wp","href":"https:\/\/api.w.org\/{rel}","templated":true}]}}