{"id":1754,"count":1,"description":"N\u00e9 \u00e0 Saint-\u00c9tienne en 1977. Il vit et travaille \u00e0 Marseille.\r\n\r\nQu'il emprunte des logos ou des motifs trouv\u00e9s dans la publicit\u00e9 pour les r\u00e9injecter dans le r\u00e9el, ou qu'il s'appuie sur une recherche sp\u00e9cifique comme le projet <em>Olt<\/em>, son travail s'\u00e9labore le plus souvent \u00e0 partir de gestes in situ. Ses interventions peuvent se d\u00e9ployer dans l'environnement urbain (comme la s\u00e9rie de peintures murales qu'il a entam\u00e9e en 2011), ou dans les espaces d'exposition. Elles se prolongent aussi \u00e0 travers des projets \u00e9ditoriaux <em>(On Forme<\/em>, en 2009,<em> Razzle Dazzle \/ Blue Line<\/em>, en 2014). Il privil\u00e9gie \u00e9galement les collaborations avec des artistes, ou des graphistes. L'image, qu'il envisage \u00e0 la fois comme un m\u00e9dium et un outil, joue un r\u00f4le central dans son travail, qui est porteur d'une r\u00e9flexion \u00ab sur les id\u00e9ologies et les dysfonctionnements d\u00e9not\u00e9s par la formalisation et la \"pictorialisation\" de nos espaces de vie \u00bb.\r\n\r\nAnne Giffon-Selle","link":"https:\/\/eva-vautier.com\/en\/produit\/artistes-invites-en\/jean-baptiste-sauvage-en\/","name":"Jean-Baptiste Sauvage","slug":"jean-baptiste-sauvage-en","taxonomy":"product_cat","parent":1776,"meta":[],"menu_order":61,"yoast_head":"<!-- This site is optimized with the Yoast SEO plugin v27.5 - https:\/\/yoast.com\/product\/yoast-seo-wordpress\/ -->\n<title>Jean-Baptiste Sauvage Archives ~ Galerie Eva Vautier<\/title>\n<meta name=\"robots\" content=\"index, follow, max-snippet:-1, max-image-preview:large, max-video-preview:-1\" \/>\n<link rel=\"canonical\" href=\"https:\/\/eva-vautier.com\/en\/produit\/artistes-invites-en\/jean-baptiste-sauvage-en\/\" \/>\n<meta property=\"og:locale\" content=\"en_US\" \/>\n<meta property=\"og:type\" content=\"article\" \/>\n<meta property=\"og:title\" content=\"Jean-Baptiste Sauvage Archives ~ Galerie Eva Vautier\" \/>\n<meta property=\"og:description\" content=\"N\u00e9 \u00e0 Saint-\u00c9tienne en 1977. Il vit et travaille \u00e0 Marseille. Qu&#8217;il emprunte des logos ou des motifs trouv\u00e9s dans la publicit\u00e9 pour les r\u00e9injecter dans le r\u00e9el, ou qu&#8217;il s&#8217;appuie sur une recherche sp\u00e9cifique comme le projet Olt, son travail s&#8217;\u00e9labore le plus souvent \u00e0 partir de gestes in situ. Ses interventions peuvent se d\u00e9ployer dans l&#8217;environnement urbain (comme la s\u00e9rie de peintures murales qu&#8217;il a entam\u00e9e en 2011), ou dans les espaces d&#8217;exposition. Elles se prolongent aussi \u00e0 travers des projets \u00e9ditoriaux (On Forme, en 2009, Razzle Dazzle \/ Blue Line, en 2014). Il privil\u00e9gie \u00e9galement les collaborations avec des artistes, ou des graphistes. L&#8217;image, qu&#8217;il envisage \u00e0 la fois comme un m\u00e9dium et un outil, joue un r\u00f4le central dans son travail, qui est porteur d&#8217;une r\u00e9flexion \u00ab sur les id\u00e9ologies et les dysfonctionnements d\u00e9not\u00e9s par la formalisation et la &#8220;pictorialisation&#8221; de nos espaces de vie \u00bb. Anne Giffon-Selle\" \/>\n<meta property=\"og:url\" content=\"https:\/\/eva-vautier.com\/en\/produit\/artistes-invites-en\/jean-baptiste-sauvage-en\/\" \/>\n<meta property=\"og:site_name\" content=\"Galerie Eva Vautier\" \/>\n<meta name=\"twitter:card\" content=\"summary_large_image\" \/>\n<meta name=\"twitter:site\" content=\"@EvaVautier\" \/>\n<script type=\"application\/ld+json\" class=\"yoast-schema-graph\">{\"@context\":\"https:\\\/\\\/schema.org\",\"@graph\":[{\"@type\":\"CollectionPage\",\"@id\":\"https:\\\/\\\/eva-vautier.com\\\/en\\\/produit\\\/artistes-invites-en\\\/jean-baptiste-sauvage-en\\\/\",\"url\":\"https:\\\/\\\/eva-vautier.com\\\/en\\\/produit\\\/artistes-invites-en\\\/jean-baptiste-sauvage-en\\\/\",\"name\":\"Jean-Baptiste Sauvage Archives ~ Galerie Eva Vautier\",\"isPartOf\":{\"@id\":\"https:\\\/\\\/eva-vautier.com\\\/en\\\/#website\"},\"breadcrumb\":{\"@id\":\"https:\\\/\\\/eva-vautier.com\\\/en\\\/produit\\\/artistes-invites-en\\\/jean-baptiste-sauvage-en\\\/#breadcrumb\"},\"inLanguage\":\"en-US\"},{\"@type\":\"BreadcrumbList\",\"@id\":\"https:\\\/\\\/eva-vautier.com\\\/en\\\/produit\\\/artistes-invites-en\\\/jean-baptiste-sauvage-en\\\/#breadcrumb\",\"itemListElement\":[{\"@type\":\"ListItem\",\"position\":1,\"name\":\"Artistes invit\u00e9s\",\"item\":\"https:\\\/\\\/eva-vautier.com\\\/produit\\\/artistes-invites\\\/\"},{\"@type\":\"ListItem\",\"position\":2,\"name\":\"Jean-Baptiste Sauvage\"}]},{\"@type\":\"WebSite\",\"@id\":\"https:\\\/\\\/eva-vautier.com\\\/en\\\/#website\",\"url\":\"https:\\\/\\\/eva-vautier.com\\\/en\\\/\",\"name\":\"Galerie Eva Vautier\",\"description\":\"Galerie d&#039;art contemporain\",\"publisher\":{\"@id\":\"https:\\\/\\\/eva-vautier.com\\\/en\\\/#organization\"},\"potentialAction\":[{\"@type\":\"SearchAction\",\"target\":{\"@type\":\"EntryPoint\",\"urlTemplate\":\"https:\\\/\\\/eva-vautier.com\\\/en\\\/?s={search_term_string}\"},\"query-input\":{\"@type\":\"PropertyValueSpecification\",\"valueRequired\":true,\"valueName\":\"search_term_string\"}}],\"inLanguage\":\"en-US\"},{\"@type\":\"Organization\",\"@id\":\"https:\\\/\\\/eva-vautier.com\\\/en\\\/#organization\",\"name\":\"Galerie Eva Vautier\",\"url\":\"https:\\\/\\\/eva-vautier.com\\\/en\\\/\",\"logo\":{\"@type\":\"ImageObject\",\"inLanguage\":\"en-US\",\"@id\":\"https:\\\/\\\/eva-vautier.com\\\/en\\\/#\\\/schema\\\/logo\\\/image\\\/\",\"url\":\"http:\\\/\\\/eva-vautier.com\\\/wp-content\\\/uploads\\\/2018\\\/09\\\/logo-galerie-illustrator-04-1.png\",\"contentUrl\":\"http:\\\/\\\/eva-vautier.com\\\/wp-content\\\/uploads\\\/2018\\\/09\\\/logo-galerie-illustrator-04-1.png\",\"width\":200,\"height\":24,\"caption\":\"Galerie Eva Vautier\"},\"image\":{\"@id\":\"https:\\\/\\\/eva-vautier.com\\\/en\\\/#\\\/schema\\\/logo\\\/image\\\/\"},\"sameAs\":[\"https:\\\/\\\/www.facebook.com\\\/evavautier\\\/\",\"https:\\\/\\\/x.com\\\/EvaVautier\",\"https:\\\/\\\/www.instagram.com\\\/galerieevavautier\\\/\"]}]}<\/script>\n<!-- \/ Yoast SEO plugin. -->","yoast_head_json":{"title":"Jean-Baptiste Sauvage Archives ~ Galerie Eva Vautier","robots":{"index":"index","follow":"follow","max-snippet":"max-snippet:-1","max-image-preview":"max-image-preview:large","max-video-preview":"max-video-preview:-1"},"canonical":"https:\/\/eva-vautier.com\/en\/produit\/artistes-invites-en\/jean-baptiste-sauvage-en\/","og_locale":"en_US","og_type":"article","og_title":"Jean-Baptiste Sauvage Archives ~ Galerie Eva Vautier","og_description":"N\u00e9 \u00e0 Saint-\u00c9tienne en 1977. Il vit et travaille \u00e0 Marseille. Qu&#8217;il emprunte des logos ou des motifs trouv\u00e9s dans la publicit\u00e9 pour les r\u00e9injecter dans le r\u00e9el, ou qu&#8217;il s&#8217;appuie sur une recherche sp\u00e9cifique comme le projet Olt, son travail s&#8217;\u00e9labore le plus souvent \u00e0 partir de gestes in situ. Ses interventions peuvent se d\u00e9ployer dans l&#8217;environnement urbain (comme la s\u00e9rie de peintures murales qu&#8217;il a entam\u00e9e en 2011), ou dans les espaces d&#8217;exposition. Elles se prolongent aussi \u00e0 travers des projets \u00e9ditoriaux (On Forme, en 2009, Razzle Dazzle \/ Blue Line, en 2014). Il privil\u00e9gie \u00e9galement les collaborations avec des artistes, ou des graphistes. L&#8217;image, qu&#8217;il envisage \u00e0 la fois comme un m\u00e9dium et un outil, joue un r\u00f4le central dans son travail, qui est porteur d&#8217;une r\u00e9flexion \u00ab sur les id\u00e9ologies et les dysfonctionnements d\u00e9not\u00e9s par la formalisation et la &#8220;pictorialisation&#8221; de nos espaces de vie \u00bb. Anne Giffon-Selle","og_url":"https:\/\/eva-vautier.com\/en\/produit\/artistes-invites-en\/jean-baptiste-sauvage-en\/","og_site_name":"Galerie Eva Vautier","twitter_card":"summary_large_image","twitter_site":"@EvaVautier","schema":{"@context":"https:\/\/schema.org","@graph":[{"@type":"CollectionPage","@id":"https:\/\/eva-vautier.com\/en\/produit\/artistes-invites-en\/jean-baptiste-sauvage-en\/","url":"https:\/\/eva-vautier.com\/en\/produit\/artistes-invites-en\/jean-baptiste-sauvage-en\/","name":"Jean-Baptiste Sauvage Archives ~ Galerie Eva Vautier","isPartOf":{"@id":"https:\/\/eva-vautier.com\/en\/#website"},"breadcrumb":{"@id":"https:\/\/eva-vautier.com\/en\/produit\/artistes-invites-en\/jean-baptiste-sauvage-en\/#breadcrumb"},"inLanguage":"en-US"},{"@type":"BreadcrumbList","@id":"https:\/\/eva-vautier.com\/en\/produit\/artistes-invites-en\/jean-baptiste-sauvage-en\/#breadcrumb","itemListElement":[{"@type":"ListItem","position":1,"name":"Artistes invit\u00e9s","item":"https:\/\/eva-vautier.com\/produit\/artistes-invites\/"},{"@type":"ListItem","position":2,"name":"Jean-Baptiste Sauvage"}]},{"@type":"WebSite","@id":"https:\/\/eva-vautier.com\/en\/#website","url":"https:\/\/eva-vautier.com\/en\/","name":"Galerie Eva Vautier","description":"Galerie d&#039;art contemporain","publisher":{"@id":"https:\/\/eva-vautier.com\/en\/#organization"},"potentialAction":[{"@type":"SearchAction","target":{"@type":"EntryPoint","urlTemplate":"https:\/\/eva-vautier.com\/en\/?s={search_term_string}"},"query-input":{"@type":"PropertyValueSpecification","valueRequired":true,"valueName":"search_term_string"}}],"inLanguage":"en-US"},{"@type":"Organization","@id":"https:\/\/eva-vautier.com\/en\/#organization","name":"Galerie Eva Vautier","url":"https:\/\/eva-vautier.com\/en\/","logo":{"@type":"ImageObject","inLanguage":"en-US","@id":"https:\/\/eva-vautier.com\/en\/#\/schema\/logo\/image\/","url":"http:\/\/eva-vautier.com\/wp-content\/uploads\/2018\/09\/logo-galerie-illustrator-04-1.png","contentUrl":"http:\/\/eva-vautier.com\/wp-content\/uploads\/2018\/09\/logo-galerie-illustrator-04-1.png","width":200,"height":24,"caption":"Galerie Eva Vautier"},"image":{"@id":"https:\/\/eva-vautier.com\/en\/#\/schema\/logo\/image\/"},"sameAs":["https:\/\/www.facebook.com\/evavautier\/","https:\/\/x.com\/EvaVautier","https:\/\/www.instagram.com\/galerieevavautier\/"]}]}},"_links":{"self":[{"href":"https:\/\/eva-vautier.com\/en\/wp-json\/wp\/v2\/product_cat\/1754","targetHints":{"allow":["GET"]}}],"collection":[{"href":"https:\/\/eva-vautier.com\/en\/wp-json\/wp\/v2\/product_cat"}],"about":[{"href":"https:\/\/eva-vautier.com\/en\/wp-json\/wp\/v2\/taxonomies\/product_cat"}],"up":[{"embeddable":true,"href":"https:\/\/eva-vautier.com\/en\/wp-json\/wp\/v2\/product_cat\/1776"}],"wp:post_type":[{"href":"https:\/\/eva-vautier.com\/en\/wp-json\/wp\/v2\/product?product_cat=1754"}],"curies":[{"name":"wp","href":"https:\/\/api.w.org\/{rel}","templated":true}]}}