{"id":1062,"count":3,"description":"<strong>Arman<\/strong> is a French-American artist born in Nice in 1928 and died in New York in 2005. Renowned for his \"accumulations\", he was one of the first to directly use, as pictorial material, manufactured objects, extensions of the hand that he saw as those of the human being, with continuous growth and multiplication. In 1960, under the leadership of art critic Pierre Restany, Arman became, with Yves Klein, one of the founding members of the Nouveaux R\u00e9alistes group alongside Fran\u00e7ois Dufr\u00eane, Raymond Hains, Martial Raysse, Daniel Spoerri, Jean Tinguely and Jacques Villegl\u00e9, later joined by C\u00e9sar, Mimmo Rotella, Niki de Saint-Phalle, G\u00e9rard Deschamps and, in 1963, Christo.","link":"https:\/\/eva-vautier.com\/en\/produit\/artistes-invites-en\/arman-en\/","name":"Arman","slug":"arman-en","taxonomy":"product_cat","parent":1776,"meta":[],"menu_order":42,"yoast_head":"<!-- This site is optimized with the Yoast SEO plugin v27.4 - https:\/\/yoast.com\/product\/yoast-seo-wordpress\/ -->\n<title>Arman Archives ~ Galerie Eva Vautier<\/title>\n<meta name=\"robots\" content=\"index, follow, max-snippet:-1, max-image-preview:large, max-video-preview:-1\" \/>\n<link rel=\"canonical\" href=\"https:\/\/eva-vautier.com\/en\/produit\/artistes-invites-en\/arman-en\/\" \/>\n<meta property=\"og:locale\" content=\"en_US\" \/>\n<meta property=\"og:type\" content=\"article\" \/>\n<meta property=\"og:title\" content=\"Arman Archives ~ Galerie Eva Vautier\" \/>\n<meta property=\"og:description\" content=\"Arman is a French-American artist born in Nice in 1928 and died in New York in 2005. Renowned for his &#8220;accumulations&#8221;, he was one of the first to directly use, as pictorial material, manufactured objects, extensions of the hand that he saw as those of the human being, with continuous growth and multiplication. In 1960, under the leadership of art critic Pierre Restany, Arman became, with Yves Klein, one of the founding members of the Nouveaux R\u00e9alistes group alongside Fran\u00e7ois Dufr\u00eane, Raymond Hains, Martial Raysse, Daniel Spoerri, Jean Tinguely and Jacques Villegl\u00e9, later joined by C\u00e9sar, Mimmo Rotella, Niki de Saint-Phalle, G\u00e9rard Deschamps and, in 1963, Christo.\" \/>\n<meta property=\"og:url\" content=\"https:\/\/eva-vautier.com\/en\/produit\/artistes-invites-en\/arman-en\/\" \/>\n<meta property=\"og:site_name\" content=\"Galerie Eva Vautier\" \/>\n<meta name=\"twitter:card\" content=\"summary_large_image\" \/>\n<meta name=\"twitter:site\" content=\"@EvaVautier\" \/>\n<script type=\"application\/ld+json\" class=\"yoast-schema-graph\">{\"@context\":\"https:\\\/\\\/schema.org\",\"@graph\":[{\"@type\":\"CollectionPage\",\"@id\":\"https:\\\/\\\/eva-vautier.com\\\/en\\\/produit\\\/artistes-invites-en\\\/arman-en\\\/\",\"url\":\"https:\\\/\\\/eva-vautier.com\\\/en\\\/produit\\\/artistes-invites-en\\\/arman-en\\\/\",\"name\":\"Arman Archives ~ Galerie Eva Vautier\",\"isPartOf\":{\"@id\":\"https:\\\/\\\/eva-vautier.com\\\/en\\\/#website\"},\"breadcrumb\":{\"@id\":\"https:\\\/\\\/eva-vautier.com\\\/en\\\/produit\\\/artistes-invites-en\\\/arman-en\\\/#breadcrumb\"},\"inLanguage\":\"en-US\"},{\"@type\":\"BreadcrumbList\",\"@id\":\"https:\\\/\\\/eva-vautier.com\\\/en\\\/produit\\\/artistes-invites-en\\\/arman-en\\\/#breadcrumb\",\"itemListElement\":[{\"@type\":\"ListItem\",\"position\":1,\"name\":\"Artistes invit\u00e9s\",\"item\":\"https:\\\/\\\/eva-vautier.com\\\/produit\\\/artistes-invites\\\/\"},{\"@type\":\"ListItem\",\"position\":2,\"name\":\"Arman\"}]},{\"@type\":\"WebSite\",\"@id\":\"https:\\\/\\\/eva-vautier.com\\\/en\\\/#website\",\"url\":\"https:\\\/\\\/eva-vautier.com\\\/en\\\/\",\"name\":\"Galerie Eva Vautier\",\"description\":\"Galerie d&#039;art contemporain\",\"publisher\":{\"@id\":\"https:\\\/\\\/eva-vautier.com\\\/en\\\/#organization\"},\"potentialAction\":[{\"@type\":\"SearchAction\",\"target\":{\"@type\":\"EntryPoint\",\"urlTemplate\":\"https:\\\/\\\/eva-vautier.com\\\/en\\\/?s={search_term_string}\"},\"query-input\":{\"@type\":\"PropertyValueSpecification\",\"valueRequired\":true,\"valueName\":\"search_term_string\"}}],\"inLanguage\":\"en-US\"},{\"@type\":\"Organization\",\"@id\":\"https:\\\/\\\/eva-vautier.com\\\/en\\\/#organization\",\"name\":\"Galerie Eva Vautier\",\"url\":\"https:\\\/\\\/eva-vautier.com\\\/en\\\/\",\"logo\":{\"@type\":\"ImageObject\",\"inLanguage\":\"en-US\",\"@id\":\"https:\\\/\\\/eva-vautier.com\\\/en\\\/#\\\/schema\\\/logo\\\/image\\\/\",\"url\":\"http:\\\/\\\/eva-vautier.com\\\/wp-content\\\/uploads\\\/2018\\\/09\\\/logo-galerie-illustrator-04-1.png\",\"contentUrl\":\"http:\\\/\\\/eva-vautier.com\\\/wp-content\\\/uploads\\\/2018\\\/09\\\/logo-galerie-illustrator-04-1.png\",\"width\":200,\"height\":24,\"caption\":\"Galerie Eva Vautier\"},\"image\":{\"@id\":\"https:\\\/\\\/eva-vautier.com\\\/en\\\/#\\\/schema\\\/logo\\\/image\\\/\"},\"sameAs\":[\"https:\\\/\\\/www.facebook.com\\\/evavautier\\\/\",\"https:\\\/\\\/x.com\\\/EvaVautier\",\"https:\\\/\\\/www.instagram.com\\\/galerieevavautier\\\/\"]}]}<\/script>\n<!-- \/ Yoast SEO plugin. -->","yoast_head_json":{"title":"Arman Archives ~ Galerie Eva Vautier","robots":{"index":"index","follow":"follow","max-snippet":"max-snippet:-1","max-image-preview":"max-image-preview:large","max-video-preview":"max-video-preview:-1"},"canonical":"https:\/\/eva-vautier.com\/en\/produit\/artistes-invites-en\/arman-en\/","og_locale":"en_US","og_type":"article","og_title":"Arman Archives ~ Galerie Eva Vautier","og_description":"Arman is a French-American artist born in Nice in 1928 and died in New York in 2005. Renowned for his &#8220;accumulations&#8221;, he was one of the first to directly use, as pictorial material, manufactured objects, extensions of the hand that he saw as those of the human being, with continuous growth and multiplication. In 1960, under the leadership of art critic Pierre Restany, Arman became, with Yves Klein, one of the founding members of the Nouveaux R\u00e9alistes group alongside Fran\u00e7ois Dufr\u00eane, Raymond Hains, Martial Raysse, Daniel Spoerri, Jean Tinguely and Jacques Villegl\u00e9, later joined by C\u00e9sar, Mimmo Rotella, Niki de Saint-Phalle, G\u00e9rard Deschamps and, in 1963, Christo.","og_url":"https:\/\/eva-vautier.com\/en\/produit\/artistes-invites-en\/arman-en\/","og_site_name":"Galerie Eva Vautier","twitter_card":"summary_large_image","twitter_site":"@EvaVautier","schema":{"@context":"https:\/\/schema.org","@graph":[{"@type":"CollectionPage","@id":"https:\/\/eva-vautier.com\/en\/produit\/artistes-invites-en\/arman-en\/","url":"https:\/\/eva-vautier.com\/en\/produit\/artistes-invites-en\/arman-en\/","name":"Arman Archives ~ Galerie Eva Vautier","isPartOf":{"@id":"https:\/\/eva-vautier.com\/en\/#website"},"breadcrumb":{"@id":"https:\/\/eva-vautier.com\/en\/produit\/artistes-invites-en\/arman-en\/#breadcrumb"},"inLanguage":"en-US"},{"@type":"BreadcrumbList","@id":"https:\/\/eva-vautier.com\/en\/produit\/artistes-invites-en\/arman-en\/#breadcrumb","itemListElement":[{"@type":"ListItem","position":1,"name":"Artistes invit\u00e9s","item":"https:\/\/eva-vautier.com\/produit\/artistes-invites\/"},{"@type":"ListItem","position":2,"name":"Arman"}]},{"@type":"WebSite","@id":"https:\/\/eva-vautier.com\/en\/#website","url":"https:\/\/eva-vautier.com\/en\/","name":"Galerie Eva Vautier","description":"Galerie d&#039;art contemporain","publisher":{"@id":"https:\/\/eva-vautier.com\/en\/#organization"},"potentialAction":[{"@type":"SearchAction","target":{"@type":"EntryPoint","urlTemplate":"https:\/\/eva-vautier.com\/en\/?s={search_term_string}"},"query-input":{"@type":"PropertyValueSpecification","valueRequired":true,"valueName":"search_term_string"}}],"inLanguage":"en-US"},{"@type":"Organization","@id":"https:\/\/eva-vautier.com\/en\/#organization","name":"Galerie Eva Vautier","url":"https:\/\/eva-vautier.com\/en\/","logo":{"@type":"ImageObject","inLanguage":"en-US","@id":"https:\/\/eva-vautier.com\/en\/#\/schema\/logo\/image\/","url":"http:\/\/eva-vautier.com\/wp-content\/uploads\/2018\/09\/logo-galerie-illustrator-04-1.png","contentUrl":"http:\/\/eva-vautier.com\/wp-content\/uploads\/2018\/09\/logo-galerie-illustrator-04-1.png","width":200,"height":24,"caption":"Galerie Eva Vautier"},"image":{"@id":"https:\/\/eva-vautier.com\/en\/#\/schema\/logo\/image\/"},"sameAs":["https:\/\/www.facebook.com\/evavautier\/","https:\/\/x.com\/EvaVautier","https:\/\/www.instagram.com\/galerieevavautier\/"]}]}},"_links":{"self":[{"href":"https:\/\/eva-vautier.com\/en\/wp-json\/wp\/v2\/product_cat\/1062","targetHints":{"allow":["GET"]}}],"collection":[{"href":"https:\/\/eva-vautier.com\/en\/wp-json\/wp\/v2\/product_cat"}],"about":[{"href":"https:\/\/eva-vautier.com\/en\/wp-json\/wp\/v2\/taxonomies\/product_cat"}],"up":[{"embeddable":true,"href":"https:\/\/eva-vautier.com\/en\/wp-json\/wp\/v2\/product_cat\/1776"}],"wp:post_type":[{"href":"https:\/\/eva-vautier.com\/en\/wp-json\/wp\/v2\/product?product_cat=1062"}],"curies":[{"name":"wp","href":"https:\/\/api.w.org\/{rel}","templated":true}]}}