{"id":87006,"date":"2014-11-01T15:12:33","date_gmt":"2014-11-01T16:12:33","guid":{"rendered":"https:\/\/eva-vautier.com\/event-2014-presentation-and-signing-of-the-book-impressions-dateliers-ii\/"},"modified":"2014-11-01T15:12:33","modified_gmt":"2014-11-01T16:12:33","slug":"event-2014-presentation-and-signing-of-the-book-impressions-dateliers-ii","status":"publish","type":"post","link":"https:\/\/eva-vautier.com\/en\/event-2014-presentation-and-signing-of-the-book-impressions-dateliers-ii\/","title":{"rendered":"Event &#8211; 2014 &#8211; Presentation and signing of the book IMPRESSIONS D&#8217;ATELIERS II"},"content":{"rendered":"<p><a href=\"http:\/\/eva-vautier.com\/wp-content\/uploads\/2014\/11\/86e7d92c6c974725fcaeb706991a5bb1bdf7c18c.jpg\"><img loading=\"lazy\" decoding=\"async\" class=\"size-full wp-image-22922 alignnone\" src=\"http:\/\/eva-vautier.com\/wp-content\/uploads\/2014\/11\/86e7d92c6c974725fcaeb706991a5bb1bdf7c18c.jpg\" alt=\"86e7d92c6c974725fcaeb706991a5bb1bdf7c18c\" width=\"92\" height=\"120\" srcset=\"https:\/\/eva-vautier.com\/wp-content\/uploads\/2014\/11\/86e7d92c6c974725fcaeb706991a5bb1bdf7c18c.jpg 92w, https:\/\/eva-vautier.com\/wp-content\/uploads\/2014\/11\/86e7d92c6c974725fcaeb706991a5bb1bdf7c18c-64x83.jpg 64w, https:\/\/eva-vautier.com\/wp-content\/uploads\/2014\/11\/86e7d92c6c974725fcaeb706991a5bb1bdf7c18c-38x50.jpg 38w, https:\/\/eva-vautier.com\/wp-content\/uploads\/2014\/11\/86e7d92c6c974725fcaeb706991a5bb1bdf7c18c-58x75.jpg 58w\" sizes=\"auto, (max-width:767px) 92px, 92px\" \/><\/a><\/p>\n<p style=\"text-align: left;\"><a href=\"https:\/\/eva-vautier.com\/wp-content\/uploads\/2014\/11\/IMPRESSIONS-DATELIERS-II.jpg\"><img loading=\"lazy\" decoding=\"async\" class=\"alignnone wp-image-84869\" src=\"https:\/\/eva-vautier.com\/wp-content\/uploads\/2014\/11\/IMPRESSIONS-DATELIERS-II.jpg\" alt=\"\" width=\"409\" height=\"301\" srcset=\"https:\/\/eva-vautier.com\/wp-content\/uploads\/2014\/11\/IMPRESSIONS-DATELIERS-II.jpg 1572w, https:\/\/eva-vautier.com\/wp-content\/uploads\/2014\/11\/IMPRESSIONS-DATELIERS-II-800x589.jpg 800w, https:\/\/eva-vautier.com\/wp-content\/uploads\/2014\/11\/IMPRESSIONS-DATELIERS-II-64x47.jpg 64w, https:\/\/eva-vautier.com\/wp-content\/uploads\/2014\/11\/IMPRESSIONS-DATELIERS-II-300x221.jpg 300w, https:\/\/eva-vautier.com\/wp-content\/uploads\/2014\/11\/IMPRESSIONS-DATELIERS-II-1024x754.jpg 1024w, https:\/\/eva-vautier.com\/wp-content\/uploads\/2014\/11\/IMPRESSIONS-DATELIERS-II-768x566.jpg 768w, https:\/\/eva-vautier.com\/wp-content\/uploads\/2014\/11\/IMPRESSIONS-DATELIERS-II-1536x1131.jpg 1536w, https:\/\/eva-vautier.com\/wp-content\/uploads\/2014\/11\/IMPRESSIONS-DATELIERS-II-102x75.jpg 102w, https:\/\/eva-vautier.com\/wp-content\/uploads\/2014\/11\/IMPRESSIONS-DATELIERS-II-480x354.jpg 480w\" sizes=\"auto, (max-width:767px) 409px, 409px\" \/><\/a><\/p>\n<p style=\"text-align: left;\">present<\/p>\n<p class=\"p1\" style=\"text-align: left;\"><span class=\"s1\"><b>WORKSHOP IMPRESSIONS II<\/b><\/span><\/p>\n<p class=\"p1\" style=\"text-align: left;\"><span class=\"s1\"><b>CONTEMPORARY CREATION ON THE C\u00d4TE D&#8217;AZUR<\/b><\/span><\/p>\n<p class=\"p1\" style=\"text-align: left;\"><!--more--><\/p>\n<p class=\"p3\" style=\"text-align: left;\"><span class=\"s1\">Thursday, November 6 from 3:30 to 7:00 pm at the gallery.<\/span><\/p>\n<p class=\"p4\" style=\"text-align: left;\"><span class=\"s1\">Book presentation and signing in the presence of the artists  <\/span><\/p>\n<p class=\"p5\" style=\"text-align: left;\"><span class=\"s1\">Patrick Bossu, Michel Franca and Jean-Michel Sordello<\/span><\/p>\n<p class=\"p5\" style=\"text-align: left;\"><span class=\"s1\">Douglass talk: 6pm &#8211; 7pm<\/span><\/p>\n<p>&nbsp;<\/p>\n<p>&nbsp;<\/p>\n","protected":false},"excerpt":{"rendered":"<p><span class=\"excerpt-hellip\"> [\u2026]<\/span><\/p>\n","protected":false},"author":1,"featured_media":70232,"comment_status":"open","ping_status":"open","sticky":false,"template":"","format":"gallery","meta":{"footnotes":""},"categories":[1030],"tags":[],"class_list":["post-87006","post","type-post","status-publish","format-gallery","has-post-thumbnail","hentry","category-events","post_format-post-format-gallery"],"yoast_head":"<!-- This site is optimized with the Yoast SEO plugin v27.5 - https:\/\/yoast.com\/product\/yoast-seo-wordpress\/ -->\n<title>Event - 2014 - Presentation and signing of the book IMPRESSIONS D&#039;ATELIERS II ~ Galerie Eva Vautier<\/title>\n<meta name=\"description\" content=\"Dans un bel espace d\u00e9di\u00e9 \u00e0 l\u2019art au c\u0153ur du quartier Lib\u00e9ration, Eva Vautier, offre un nouveau regard sur l\u2019art contemporain et ses pratiques artistiques (sculpture, photographie, peinture, dessin, vid\u00e9o). La galerie accueille de jeunes artistes \u00e9mergents comme des artistes issus de courants artistiques majeurs. Des performances et des d\u00e9bats rythment r\u00e9guli\u00e8rement les grandes expositions de l\u2019ann\u00e9e. La galerie propose \u00e9galement une s\u00e9lection de s\u00e9rigraphies et d\u2019\u00e9ditions limit\u00e9es en lien avec son actualit\u00e9 artistique et culturelle. Et pour les passionn\u00e9s l\u2019arthoth\u00e8que de la galerie offre un large choix des s\u00e9rigraphies \u00e0 la location. % % %\" \/>\n<meta name=\"robots\" content=\"index, follow, max-snippet:-1, max-image-preview:large, max-video-preview:-1\" \/>\n<link rel=\"canonical\" href=\"https:\/\/eva-vautier.com\/en\/event-2014-presentation-and-signing-of-the-book-impressions-dateliers-ii\/\" \/>\n<meta property=\"og:locale\" content=\"en_US\" \/>\n<meta property=\"og:type\" content=\"article\" \/>\n<meta property=\"og:title\" content=\"Event - 2014 - Presentation and signing of the book IMPRESSIONS D&#039;ATELIERS II ~ Galerie Eva Vautier\" \/>\n<meta property=\"og:description\" content=\"Dans un bel espace d\u00e9di\u00e9 \u00e0 l\u2019art au c\u0153ur du quartier Lib\u00e9ration, Eva Vautier, offre un nouveau regard sur l\u2019art contemporain et ses pratiques artistiques (sculpture, photographie, peinture, dessin, vid\u00e9o). La galerie accueille de jeunes artistes \u00e9mergents comme des artistes issus de courants artistiques majeurs. Des performances et des d\u00e9bats rythment r\u00e9guli\u00e8rement les grandes expositions de l\u2019ann\u00e9e. La galerie propose \u00e9galement une s\u00e9lection de s\u00e9rigraphies et d\u2019\u00e9ditions limit\u00e9es en lien avec son actualit\u00e9 artistique et culturelle. Et pour les passionn\u00e9s l\u2019arthoth\u00e8que de la galerie offre un large choix des s\u00e9rigraphies \u00e0 la location. % % %\" \/>\n<meta property=\"og:url\" content=\"https:\/\/eva-vautier.com\/en\/event-2014-presentation-and-signing-of-the-book-impressions-dateliers-ii\/\" \/>\n<meta property=\"og:site_name\" content=\"Galerie Eva Vautier\" \/>\n<meta property=\"article:publisher\" content=\"https:\/\/www.facebook.com\/evavautier\/\" \/>\n<meta property=\"article:published_time\" content=\"2014-11-01T16:12:33+00:00\" \/>\n<meta property=\"og:image\" content=\"https:\/\/eva-vautier.com\/wp-content\/uploads\/2014\/11\/c7c44f29b2f2731c0f29d2d3a35370f4293ce457.jpg\" \/>\n\t<meta property=\"og:image:width\" content=\"307\" \/>\n\t<meta property=\"og:image:height\" content=\"446\" \/>\n\t<meta property=\"og:image:type\" content=\"image\/jpeg\" \/>\n<meta name=\"author\" content=\"Benoit Barbagli\" \/>\n<meta name=\"twitter:card\" content=\"summary_large_image\" \/>\n<meta name=\"twitter:creator\" content=\"@EvaVautier\" \/>\n<meta name=\"twitter:site\" content=\"@EvaVautier\" \/>\n<meta name=\"twitter:label1\" content=\"Written by\" \/>\n\t<meta name=\"twitter:data1\" content=\"Benoit Barbagli\" \/>\n<script type=\"application\/ld+json\" class=\"yoast-schema-graph\">{\"@context\":\"https:\\\/\\\/schema.org\",\"@graph\":[{\"@type\":\"Article\",\"@id\":\"https:\\\/\\\/eva-vautier.com\\\/en\\\/event-2014-presentation-and-signing-of-the-book-impressions-dateliers-ii\\\/#article\",\"isPartOf\":{\"@id\":\"https:\\\/\\\/eva-vautier.com\\\/en\\\/event-2014-presentation-and-signing-of-the-book-impressions-dateliers-ii\\\/\"},\"author\":{\"name\":\"Benoit Barbagli\",\"@id\":\"https:\\\/\\\/eva-vautier.com\\\/en\\\/#\\\/schema\\\/person\\\/c9ec467ab6dbdf2e8f197cb662a4eeb6\"},\"headline\":\"Event &#8211; 2014 &#8211; Presentation and signing of the book IMPRESSIONS D&#8217;ATELIERS II\",\"datePublished\":\"2014-11-01T16:12:33+00:00\",\"mainEntityOfPage\":{\"@id\":\"https:\\\/\\\/eva-vautier.com\\\/en\\\/event-2014-presentation-and-signing-of-the-book-impressions-dateliers-ii\\\/\"},\"wordCount\":57,\"commentCount\":0,\"publisher\":{\"@id\":\"https:\\\/\\\/eva-vautier.com\\\/en\\\/#organization\"},\"image\":{\"@id\":\"https:\\\/\\\/eva-vautier.com\\\/en\\\/event-2014-presentation-and-signing-of-the-book-impressions-dateliers-ii\\\/#primaryimage\"},\"thumbnailUrl\":\"https:\\\/\\\/eva-vautier.com\\\/wp-content\\\/uploads\\\/2014\\\/11\\\/c7c44f29b2f2731c0f29d2d3a35370f4293ce457.jpg\",\"articleSection\":[\"Events\"],\"inLanguage\":\"en-US\",\"potentialAction\":[{\"@type\":\"CommentAction\",\"name\":\"Comment\",\"target\":[\"https:\\\/\\\/eva-vautier.com\\\/en\\\/event-2014-presentation-and-signing-of-the-book-impressions-dateliers-ii\\\/#respond\"]}]},{\"@type\":\"WebPage\",\"@id\":\"https:\\\/\\\/eva-vautier.com\\\/en\\\/event-2014-presentation-and-signing-of-the-book-impressions-dateliers-ii\\\/\",\"url\":\"https:\\\/\\\/eva-vautier.com\\\/en\\\/event-2014-presentation-and-signing-of-the-book-impressions-dateliers-ii\\\/\",\"name\":\"Event - 2014 - Presentation and signing of the book IMPRESSIONS D'ATELIERS II ~ Galerie Eva Vautier\",\"isPartOf\":{\"@id\":\"https:\\\/\\\/eva-vautier.com\\\/en\\\/#website\"},\"primaryImageOfPage\":{\"@id\":\"https:\\\/\\\/eva-vautier.com\\\/en\\\/event-2014-presentation-and-signing-of-the-book-impressions-dateliers-ii\\\/#primaryimage\"},\"image\":{\"@id\":\"https:\\\/\\\/eva-vautier.com\\\/en\\\/event-2014-presentation-and-signing-of-the-book-impressions-dateliers-ii\\\/#primaryimage\"},\"thumbnailUrl\":\"https:\\\/\\\/eva-vautier.com\\\/wp-content\\\/uploads\\\/2014\\\/11\\\/c7c44f29b2f2731c0f29d2d3a35370f4293ce457.jpg\",\"datePublished\":\"2014-11-01T16:12:33+00:00\",\"description\":\"Dans un bel espace d\u00e9di\u00e9 \u00e0 l\u2019art au c\u0153ur du quartier Lib\u00e9ration, Eva Vautier, offre un nouveau regard sur l\u2019art contemporain et ses pratiques artistiques (sculpture, photographie, peinture, dessin, vid\u00e9o). La galerie accueille de jeunes artistes \u00e9mergents comme des artistes issus de courants artistiques majeurs. Des performances et des d\u00e9bats rythment r\u00e9guli\u00e8rement les grandes expositions de l\u2019ann\u00e9e. La galerie propose \u00e9galement une s\u00e9lection de s\u00e9rigraphies et d\u2019\u00e9ditions limit\u00e9es en lien avec son actualit\u00e9 artistique et culturelle. Et pour les passionn\u00e9s l\u2019arthoth\u00e8que de la galerie offre un large choix des s\u00e9rigraphies \u00e0 la location. % % %\",\"inLanguage\":\"en-US\",\"potentialAction\":[{\"@type\":\"ReadAction\",\"target\":[\"https:\\\/\\\/eva-vautier.com\\\/en\\\/event-2014-presentation-and-signing-of-the-book-impressions-dateliers-ii\\\/\"]}]},{\"@type\":\"ImageObject\",\"inLanguage\":\"en-US\",\"@id\":\"https:\\\/\\\/eva-vautier.com\\\/en\\\/event-2014-presentation-and-signing-of-the-book-impressions-dateliers-ii\\\/#primaryimage\",\"url\":\"https:\\\/\\\/eva-vautier.com\\\/wp-content\\\/uploads\\\/2014\\\/11\\\/c7c44f29b2f2731c0f29d2d3a35370f4293ce457.jpg\",\"contentUrl\":\"https:\\\/\\\/eva-vautier.com\\\/wp-content\\\/uploads\\\/2014\\\/11\\\/c7c44f29b2f2731c0f29d2d3a35370f4293ce457.jpg\",\"width\":307,\"height\":446},{\"@type\":\"WebSite\",\"@id\":\"https:\\\/\\\/eva-vautier.com\\\/en\\\/#website\",\"url\":\"https:\\\/\\\/eva-vautier.com\\\/en\\\/\",\"name\":\"Galerie Eva Vautier\",\"description\":\"Galerie d&#039;art contemporain\",\"publisher\":{\"@id\":\"https:\\\/\\\/eva-vautier.com\\\/en\\\/#organization\"},\"potentialAction\":[{\"@type\":\"SearchAction\",\"target\":{\"@type\":\"EntryPoint\",\"urlTemplate\":\"https:\\\/\\\/eva-vautier.com\\\/en\\\/?s={search_term_string}\"},\"query-input\":{\"@type\":\"PropertyValueSpecification\",\"valueRequired\":true,\"valueName\":\"search_term_string\"}}],\"inLanguage\":\"en-US\"},{\"@type\":\"Organization\",\"@id\":\"https:\\\/\\\/eva-vautier.com\\\/en\\\/#organization\",\"name\":\"Galerie Eva Vautier\",\"url\":\"https:\\\/\\\/eva-vautier.com\\\/en\\\/\",\"logo\":{\"@type\":\"ImageObject\",\"inLanguage\":\"en-US\",\"@id\":\"https:\\\/\\\/eva-vautier.com\\\/en\\\/#\\\/schema\\\/logo\\\/image\\\/\",\"url\":\"http:\\\/\\\/eva-vautier.com\\\/wp-content\\\/uploads\\\/2018\\\/09\\\/logo-galerie-illustrator-04-1.png\",\"contentUrl\":\"http:\\\/\\\/eva-vautier.com\\\/wp-content\\\/uploads\\\/2018\\\/09\\\/logo-galerie-illustrator-04-1.png\",\"width\":200,\"height\":24,\"caption\":\"Galerie Eva Vautier\"},\"image\":{\"@id\":\"https:\\\/\\\/eva-vautier.com\\\/en\\\/#\\\/schema\\\/logo\\\/image\\\/\"},\"sameAs\":[\"https:\\\/\\\/www.facebook.com\\\/evavautier\\\/\",\"https:\\\/\\\/x.com\\\/EvaVautier\",\"https:\\\/\\\/www.instagram.com\\\/galerieevavautier\\\/\"]},{\"@type\":\"Person\",\"@id\":\"https:\\\/\\\/eva-vautier.com\\\/en\\\/#\\\/schema\\\/person\\\/c9ec467ab6dbdf2e8f197cb662a4eeb6\",\"name\":\"Benoit Barbagli\",\"image\":{\"@type\":\"ImageObject\",\"inLanguage\":\"en-US\",\"@id\":\"https:\\\/\\\/eva-vautier.com\\\/wp-content\\\/uploads\\\/nsl_avatars\\\/aa215bc8d42aced5ba26c2a225f1569e.jpg\",\"url\":\"https:\\\/\\\/eva-vautier.com\\\/wp-content\\\/uploads\\\/nsl_avatars\\\/aa215bc8d42aced5ba26c2a225f1569e.jpg\",\"contentUrl\":\"https:\\\/\\\/eva-vautier.com\\\/wp-content\\\/uploads\\\/nsl_avatars\\\/aa215bc8d42aced5ba26c2a225f1569e.jpg\",\"caption\":\"Benoit Barbagli\"},\"sameAs\":[\"benoit.barbagli@gmail.com\"]}]}<\/script>\n<!-- \/ Yoast SEO plugin. -->","yoast_head_json":{"title":"Event - 2014 - Presentation and signing of the book IMPRESSIONS D'ATELIERS II ~ Galerie Eva Vautier","description":"Dans un bel espace d\u00e9di\u00e9 \u00e0 l\u2019art au c\u0153ur du quartier Lib\u00e9ration, Eva Vautier, offre un nouveau regard sur l\u2019art contemporain et ses pratiques artistiques (sculpture, photographie, peinture, dessin, vid\u00e9o). La galerie accueille de jeunes artistes \u00e9mergents comme des artistes issus de courants artistiques majeurs. Des performances et des d\u00e9bats rythment r\u00e9guli\u00e8rement les grandes expositions de l\u2019ann\u00e9e. La galerie propose \u00e9galement une s\u00e9lection de s\u00e9rigraphies et d\u2019\u00e9ditions limit\u00e9es en lien avec son actualit\u00e9 artistique et culturelle. Et pour les passionn\u00e9s l\u2019arthoth\u00e8que de la galerie offre un large choix des s\u00e9rigraphies \u00e0 la location. % % %","robots":{"index":"index","follow":"follow","max-snippet":"max-snippet:-1","max-image-preview":"max-image-preview:large","max-video-preview":"max-video-preview:-1"},"canonical":"https:\/\/eva-vautier.com\/en\/event-2014-presentation-and-signing-of-the-book-impressions-dateliers-ii\/","og_locale":"en_US","og_type":"article","og_title":"Event - 2014 - Presentation and signing of the book IMPRESSIONS D'ATELIERS II ~ Galerie Eva Vautier","og_description":"Dans un bel espace d\u00e9di\u00e9 \u00e0 l\u2019art au c\u0153ur du quartier Lib\u00e9ration, Eva Vautier, offre un nouveau regard sur l\u2019art contemporain et ses pratiques artistiques (sculpture, photographie, peinture, dessin, vid\u00e9o). La galerie accueille de jeunes artistes \u00e9mergents comme des artistes issus de courants artistiques majeurs. Des performances et des d\u00e9bats rythment r\u00e9guli\u00e8rement les grandes expositions de l\u2019ann\u00e9e. La galerie propose \u00e9galement une s\u00e9lection de s\u00e9rigraphies et d\u2019\u00e9ditions limit\u00e9es en lien avec son actualit\u00e9 artistique et culturelle. Et pour les passionn\u00e9s l\u2019arthoth\u00e8que de la galerie offre un large choix des s\u00e9rigraphies \u00e0 la location. % % %","og_url":"https:\/\/eva-vautier.com\/en\/event-2014-presentation-and-signing-of-the-book-impressions-dateliers-ii\/","og_site_name":"Galerie Eva Vautier","article_publisher":"https:\/\/www.facebook.com\/evavautier\/","article_published_time":"2014-11-01T16:12:33+00:00","og_image":[{"width":307,"height":446,"url":"https:\/\/eva-vautier.com\/wp-content\/uploads\/2014\/11\/c7c44f29b2f2731c0f29d2d3a35370f4293ce457.jpg","type":"image\/jpeg"}],"author":"Benoit Barbagli","twitter_card":"summary_large_image","twitter_creator":"@EvaVautier","twitter_site":"@EvaVautier","twitter_misc":{"Written by":"Benoit Barbagli"},"schema":{"@context":"https:\/\/schema.org","@graph":[{"@type":"Article","@id":"https:\/\/eva-vautier.com\/en\/event-2014-presentation-and-signing-of-the-book-impressions-dateliers-ii\/#article","isPartOf":{"@id":"https:\/\/eva-vautier.com\/en\/event-2014-presentation-and-signing-of-the-book-impressions-dateliers-ii\/"},"author":{"name":"Benoit Barbagli","@id":"https:\/\/eva-vautier.com\/en\/#\/schema\/person\/c9ec467ab6dbdf2e8f197cb662a4eeb6"},"headline":"Event &#8211; 2014 &#8211; Presentation and signing of the book IMPRESSIONS D&#8217;ATELIERS II","datePublished":"2014-11-01T16:12:33+00:00","mainEntityOfPage":{"@id":"https:\/\/eva-vautier.com\/en\/event-2014-presentation-and-signing-of-the-book-impressions-dateliers-ii\/"},"wordCount":57,"commentCount":0,"publisher":{"@id":"https:\/\/eva-vautier.com\/en\/#organization"},"image":{"@id":"https:\/\/eva-vautier.com\/en\/event-2014-presentation-and-signing-of-the-book-impressions-dateliers-ii\/#primaryimage"},"thumbnailUrl":"https:\/\/eva-vautier.com\/wp-content\/uploads\/2014\/11\/c7c44f29b2f2731c0f29d2d3a35370f4293ce457.jpg","articleSection":["Events"],"inLanguage":"en-US","potentialAction":[{"@type":"CommentAction","name":"Comment","target":["https:\/\/eva-vautier.com\/en\/event-2014-presentation-and-signing-of-the-book-impressions-dateliers-ii\/#respond"]}]},{"@type":"WebPage","@id":"https:\/\/eva-vautier.com\/en\/event-2014-presentation-and-signing-of-the-book-impressions-dateliers-ii\/","url":"https:\/\/eva-vautier.com\/en\/event-2014-presentation-and-signing-of-the-book-impressions-dateliers-ii\/","name":"Event - 2014 - Presentation and signing of the book IMPRESSIONS D'ATELIERS II ~ Galerie Eva Vautier","isPartOf":{"@id":"https:\/\/eva-vautier.com\/en\/#website"},"primaryImageOfPage":{"@id":"https:\/\/eva-vautier.com\/en\/event-2014-presentation-and-signing-of-the-book-impressions-dateliers-ii\/#primaryimage"},"image":{"@id":"https:\/\/eva-vautier.com\/en\/event-2014-presentation-and-signing-of-the-book-impressions-dateliers-ii\/#primaryimage"},"thumbnailUrl":"https:\/\/eva-vautier.com\/wp-content\/uploads\/2014\/11\/c7c44f29b2f2731c0f29d2d3a35370f4293ce457.jpg","datePublished":"2014-11-01T16:12:33+00:00","description":"Dans un bel espace d\u00e9di\u00e9 \u00e0 l\u2019art au c\u0153ur du quartier Lib\u00e9ration, Eva Vautier, offre un nouveau regard sur l\u2019art contemporain et ses pratiques artistiques (sculpture, photographie, peinture, dessin, vid\u00e9o). La galerie accueille de jeunes artistes \u00e9mergents comme des artistes issus de courants artistiques majeurs. Des performances et des d\u00e9bats rythment r\u00e9guli\u00e8rement les grandes expositions de l\u2019ann\u00e9e. La galerie propose \u00e9galement une s\u00e9lection de s\u00e9rigraphies et d\u2019\u00e9ditions limit\u00e9es en lien avec son actualit\u00e9 artistique et culturelle. Et pour les passionn\u00e9s l\u2019arthoth\u00e8que de la galerie offre un large choix des s\u00e9rigraphies \u00e0 la location. % % %","inLanguage":"en-US","potentialAction":[{"@type":"ReadAction","target":["https:\/\/eva-vautier.com\/en\/event-2014-presentation-and-signing-of-the-book-impressions-dateliers-ii\/"]}]},{"@type":"ImageObject","inLanguage":"en-US","@id":"https:\/\/eva-vautier.com\/en\/event-2014-presentation-and-signing-of-the-book-impressions-dateliers-ii\/#primaryimage","url":"https:\/\/eva-vautier.com\/wp-content\/uploads\/2014\/11\/c7c44f29b2f2731c0f29d2d3a35370f4293ce457.jpg","contentUrl":"https:\/\/eva-vautier.com\/wp-content\/uploads\/2014\/11\/c7c44f29b2f2731c0f29d2d3a35370f4293ce457.jpg","width":307,"height":446},{"@type":"WebSite","@id":"https:\/\/eva-vautier.com\/en\/#website","url":"https:\/\/eva-vautier.com\/en\/","name":"Galerie Eva Vautier","description":"Galerie d&#039;art contemporain","publisher":{"@id":"https:\/\/eva-vautier.com\/en\/#organization"},"potentialAction":[{"@type":"SearchAction","target":{"@type":"EntryPoint","urlTemplate":"https:\/\/eva-vautier.com\/en\/?s={search_term_string}"},"query-input":{"@type":"PropertyValueSpecification","valueRequired":true,"valueName":"search_term_string"}}],"inLanguage":"en-US"},{"@type":"Organization","@id":"https:\/\/eva-vautier.com\/en\/#organization","name":"Galerie Eva Vautier","url":"https:\/\/eva-vautier.com\/en\/","logo":{"@type":"ImageObject","inLanguage":"en-US","@id":"https:\/\/eva-vautier.com\/en\/#\/schema\/logo\/image\/","url":"http:\/\/eva-vautier.com\/wp-content\/uploads\/2018\/09\/logo-galerie-illustrator-04-1.png","contentUrl":"http:\/\/eva-vautier.com\/wp-content\/uploads\/2018\/09\/logo-galerie-illustrator-04-1.png","width":200,"height":24,"caption":"Galerie Eva Vautier"},"image":{"@id":"https:\/\/eva-vautier.com\/en\/#\/schema\/logo\/image\/"},"sameAs":["https:\/\/www.facebook.com\/evavautier\/","https:\/\/x.com\/EvaVautier","https:\/\/www.instagram.com\/galerieevavautier\/"]},{"@type":"Person","@id":"https:\/\/eva-vautier.com\/en\/#\/schema\/person\/c9ec467ab6dbdf2e8f197cb662a4eeb6","name":"Benoit Barbagli","image":{"@type":"ImageObject","inLanguage":"en-US","@id":"https:\/\/eva-vautier.com\/wp-content\/uploads\/nsl_avatars\/aa215bc8d42aced5ba26c2a225f1569e.jpg","url":"https:\/\/eva-vautier.com\/wp-content\/uploads\/nsl_avatars\/aa215bc8d42aced5ba26c2a225f1569e.jpg","contentUrl":"https:\/\/eva-vautier.com\/wp-content\/uploads\/nsl_avatars\/aa215bc8d42aced5ba26c2a225f1569e.jpg","caption":"Benoit Barbagli"},"sameAs":["benoit.barbagli@gmail.com"]}]}},"_links":{"self":[{"href":"https:\/\/eva-vautier.com\/en\/wp-json\/wp\/v2\/posts\/87006","targetHints":{"allow":["GET"]}}],"collection":[{"href":"https:\/\/eva-vautier.com\/en\/wp-json\/wp\/v2\/posts"}],"about":[{"href":"https:\/\/eva-vautier.com\/en\/wp-json\/wp\/v2\/types\/post"}],"author":[{"embeddable":true,"href":"https:\/\/eva-vautier.com\/en\/wp-json\/wp\/v2\/users\/1"}],"replies":[{"embeddable":true,"href":"https:\/\/eva-vautier.com\/en\/wp-json\/wp\/v2\/comments?post=87006"}],"version-history":[{"count":0,"href":"https:\/\/eva-vautier.com\/en\/wp-json\/wp\/v2\/posts\/87006\/revisions"}],"wp:featuredmedia":[{"embeddable":true,"href":"https:\/\/eva-vautier.com\/en\/wp-json\/wp\/v2\/media\/70232"}],"wp:attachment":[{"href":"https:\/\/eva-vautier.com\/en\/wp-json\/wp\/v2\/media?parent=87006"}],"wp:term":[{"taxonomy":"category","embeddable":true,"href":"https:\/\/eva-vautier.com\/en\/wp-json\/wp\/v2\/categories?post=87006"},{"taxonomy":"post_tag","embeddable":true,"href":"https:\/\/eva-vautier.com\/en\/wp-json\/wp\/v2\/tags?post=87006"}],"curies":[{"name":"wp","href":"https:\/\/api.w.org\/{rel}","templated":true}]}}