{"id":77054,"date":"2023-02-25T15:06:11","date_gmt":"2023-02-25T16:06:11","guid":{"rendered":"http:\/\/eva-vautier.com\/?p=77054"},"modified":"2024-03-02T18:51:32","modified_gmt":"2024-03-02T19:51:32","slug":"hors-les-murs-gregory-forstner-mo-co","status":"publish","type":"post","link":"https:\/\/eva-vautier.com\/hors-les-murs-gregory-forstner-mo-co\/","title":{"rendered":"Hors les murs &#8211; 2023 &#8211; Gregory Forstner &#8211; Gilles Miquelis &#8211; Exposition collective &#8211; MO.CO, Montpellier"},"content":{"rendered":"<p>[vc_row][vc_column width=&#8221;1\/2&#8243;][vc_column_text]Exposition collective Immortelle<\/p>\n<p>MO.CO, Montpellier<\/p>\n<div>Exposition du 11 mars au 04 juin 2023<\/div>\n<div><strong>Vernissage le 10 mars de 18h \u00e0 21h<\/strong><\/div>\n<p>&#8212;<\/p>\n<div>Exposition collective au\u00a0MO.CO. avec :\u00a0AGRINIER Thomas, AILLAUD Arthur, BARROT Ronan, BATAILLARD Marion, BAZIGNAN Pauline, BELGRAND Adrien, BELIN Murielle, BELYAT-GIUNTA Anya, BENCHAMMA Abdelkader, BENEYTON Julien, BERGER C\u00e9line, BERNINI Romain, BIZIEN Vincent, BOISADAN Mathieu, BOITARD Fabien, BOURDAREL Katia, BOUTLIS Alkis,\u00a0BRESSON Guillaume, BRUNEAU Benjamin, CADIO Damien, CHARLET Marion, CHERKIT Mathieu, CIAVALDINI Sylvain, CLARKE Daniel, DALL\u00c9AS-BOUZAR Dalila, DAVRINCHE Ga\u00ebl, DESCOSSY Julien, D\u00c9FOSSEZ Benjamin, DERENNE Gr\u00e9gory, DEROUBAIX Damien, DES MONSTIERS Julien, DRIEZ Raynald, DUBOIS Aur\u00e9lie, FORSTNER Gregory, GOBART Yves, GROOM Orsten, GUINAMAND Cristine, GURRIERI Elsa, HAZELZET Thibault, De HEINZELIN Aur\u00e9lie, HOFFMAN Karine, IC Herv\u00e9 Georges, JAUNE Oda,\u00a0J\u00c9R\u00d4ME Sarah, KORICHI Youcef, LEGLISE Fr\u00e9d\u00e9ric, LESOURD \u00c9lodie, LEVASSEUR Iris, L\u00c9VY-LASNE Thomas, LIRON J\u00e9r\u00e9my, LOUTZ Fr\u00e9d\u00e9rique, MASMONTEIL Olivier, M\u00c9RELLE Fabien, MIN Jung-Yeon, MIRAZOVI\u0106 Filip, MIQUELIS Gilles, MOCQUET Marl\u00e8ne, MOLK Marc, MOSTYN-OWEN Orlando, NAVARRO Edgardo, NAVI Barbara, NERVI Audrey, NIELSEN Eva, OBRECHT Florence, PAHLAVI Axel, PASIEKA Simon, PENCREAC\u2019H St\u00e9phane, PICANDET Lucie, PINARD Guillaume, POUYANDEH Nazanin, PRADALI\u00c9 Abel, PROUX Laurent, RABUS Leopold, RABUS Till,\u00a0RENAUD Brann,\u00a0REYMOND Florence, RICOL Rapha\u00eblle, ROEGIERS Antoine, ROUGIER Karine, SABATT\u00c9 Lionel, TABOURET Claire, TOUMANIAN Guillaume, TURSIC Ida et MILLE Wilfried, VELK Marko, VERNY Thomas, VIDOR Vuk, VRANKI\u0106\u00a0Davor, XIE Lei, ZONDER J\u00e9r\u00f4me.<\/div>\n<p>&nbsp;<\/p>\n<p lang=\"FR-FR\" xml:lang=\"FR-FR\">Vitalit\u00e9 de la jeune peinture figurative fran\u00e7aise<\/p>\n<p lang=\"FR-FR\" xml:lang=\"FR-FR\"><em>Immortelle<\/em>\u00a0propose un ambitieux panorama de la jeune peinture figurative fran\u00e7aise. D\u00e9ploy\u00e9e pour la premi\u00e8re fois sur l\u2019ensemble des centres d\u2019art, l\u2019exposition s\u2019organise en deux volets.<\/p>\n<p lang=\"FR-FR\" xml:lang=\"FR-FR\">Au MO.CO., seront pr\u00e9sent\u00e9s des artistes embl\u00e9matiques de la sc\u00e8ne fran\u00e7aise, n\u00e9s de 1970 au d\u00e9but des ann\u00e9es 80. L\u2019exposition g\u00e9n\u00e9reuse, sensible, entend rendre hommage \u00e0 la peinture, dans sa part physique, mati\u00e9riste, \u00e9rotique, romantique.<\/p>\n<p lang=\"FR-FR\" xml:lang=\"FR-FR\">Au MO.CO. Panac\u00e9e, la nouvelle g\u00e9n\u00e9ration du milieu des ann\u00e9es 80 et 90\u00a0propose une vision plurielle de l\u2019avenir de la peinture figurative \u00e0 travers une revisitation des grands genres traditionnels mix\u00e9s avec l\u2019apport de la contemporan\u00e9it\u00e9 et d\u2019enjeux\u00a0conceptuels<\/p>\n<p lang=\"FR-FR\" xml:lang=\"FR-FR\">En savoir plus : <a href=\"https:\/\/www.moco.art\/fr\/exposition\/immortelle\">https:\/\/www.moco.art\/fr\/exposition\/immortelle<\/a><\/p>\n<p>[\/vc_column_text][\/vc_column][vc_column width=&#8221;1\/2&#8243;][vc_single_image image=&#8221;77095&#8243; img_size=&#8221;large&#8221;][vc_column_text]<\/p>\n<h6>\u00a9 Daniel Clarke, courtesy site web MO.CO<\/h6>\n<p>[\/vc_column_text][\/vc_column][\/vc_row]<\/p>\n","protected":false},"excerpt":{"rendered":"<p><span class=\"excerpt-hellip\"> [\u2026]<\/span><\/p>\n","protected":false},"author":1,"featured_media":77095,"comment_status":"closed","ping_status":"open","sticky":false,"template":"","format":"standard","meta":{"footnotes":""},"categories":[98],"tags":[],"class_list":["post-77054","post","type-post","status-publish","format-standard","has-post-thumbnail","hentry","category-hors-les-murs"],"yoast_head":"<!-- This site is optimized with the Yoast SEO plugin v27.4 - https:\/\/yoast.com\/product\/yoast-seo-wordpress\/ -->\n<title>Hors les murs - 2023 - Gregory Forstner - Gilles Miquelis - Exposition collective - MO.CO, Montpellier ~ Galerie Eva Vautier<\/title>\n<meta name=\"description\" content=\"Vitalit\u00e9 de la jeune peinture figurative fran\u00e7aiseImmortelle\u00a0propose un ambitieux panorama de la jeune peinture figurative fran\u00e7aise. D\u00e9ploy\u00e9e pour la premi\u00e8re fois sur l\u2019ensemble des centres d\u2019art, l\u2019exposition s\u2019organise en deux volets.Au MO.CO., seront pr\u00e9sent\u00e9s des artistes embl\u00e9matiques de la sc\u00e8ne fran\u00e7aise, n\u00e9s de 1970 au d\u00e9but des ann\u00e9es 80. L\u2019exposition g\u00e9n\u00e9reuse, sensible, entend rendre hommage \u00e0 la peinture, dans sa part physique, mati\u00e9riste, \u00e9rotique, romantique.Au MO.CO. Panac\u00e9e, la nouvelle g\u00e9n\u00e9ration du milieu des ann\u00e9es 80 et 90\u00a0propose une vision plurielle de l\u2019avenir de la peinture figurative \u00e0 travers une revisitation des grands genres traditionnels mix\u00e9s avec l\u2019apport de la contemporan\u00e9it\u00e9 et d\u2019enjeux\u00a0conceptuels\" \/>\n<meta name=\"robots\" content=\"index, follow, max-snippet:-1, max-image-preview:large, max-video-preview:-1\" \/>\n<link rel=\"canonical\" href=\"https:\/\/eva-vautier.com\/hors-les-murs-gregory-forstner-mo-co\/\" \/>\n<meta property=\"og:locale\" content=\"en_US\" \/>\n<meta property=\"og:type\" content=\"article\" \/>\n<meta property=\"og:title\" content=\"Hors les murs - 2023 - Gregory Forstner - Gilles Miquelis - Exposition collective - MO.CO, Montpellier ~ Galerie Eva Vautier\" \/>\n<meta property=\"og:description\" content=\"Vitalit\u00e9 de la jeune peinture figurative fran\u00e7aiseImmortelle\u00a0propose un ambitieux panorama de la jeune peinture figurative fran\u00e7aise. D\u00e9ploy\u00e9e pour la premi\u00e8re fois sur l\u2019ensemble des centres d\u2019art, l\u2019exposition s\u2019organise en deux volets.Au MO.CO., seront pr\u00e9sent\u00e9s des artistes embl\u00e9matiques de la sc\u00e8ne fran\u00e7aise, n\u00e9s de 1970 au d\u00e9but des ann\u00e9es 80. L\u2019exposition g\u00e9n\u00e9reuse, sensible, entend rendre hommage \u00e0 la peinture, dans sa part physique, mati\u00e9riste, \u00e9rotique, romantique.Au MO.CO. Panac\u00e9e, la nouvelle g\u00e9n\u00e9ration du milieu des ann\u00e9es 80 et 90\u00a0propose une vision plurielle de l\u2019avenir de la peinture figurative \u00e0 travers une revisitation des grands genres traditionnels mix\u00e9s avec l\u2019apport de la contemporan\u00e9it\u00e9 et d\u2019enjeux\u00a0conceptuels\" \/>\n<meta property=\"og:url\" content=\"https:\/\/eva-vautier.com\/hors-les-murs-gregory-forstner-mo-co\/\" \/>\n<meta property=\"og:site_name\" content=\"Galerie Eva Vautier\" \/>\n<meta property=\"article:publisher\" content=\"https:\/\/www.facebook.com\/evavautier\/\" \/>\n<meta property=\"article:published_time\" content=\"2023-02-25T16:06:11+00:00\" \/>\n<meta property=\"article:modified_time\" content=\"2024-03-02T19:51:32+00:00\" \/>\n<meta property=\"og:image\" content=\"https:\/\/eva-vautier.com\/wp-content\/uploads\/2023\/02\/21555a544ef95b4ede9a7ab92f20171be3a0264d-e1685020344174.jpeg\" \/>\n\t<meta property=\"og:image:width\" content=\"776\" \/>\n\t<meta property=\"og:image:height\" content=\"1089\" \/>\n\t<meta property=\"og:image:type\" content=\"image\/jpeg\" \/>\n<meta name=\"author\" content=\"Benoit Barbagli\" \/>\n<meta name=\"twitter:card\" content=\"summary_large_image\" \/>\n<meta name=\"twitter:creator\" content=\"@EvaVautier\" \/>\n<meta name=\"twitter:site\" content=\"@EvaVautier\" \/>\n<meta name=\"twitter:label1\" content=\"Written by\" \/>\n\t<meta name=\"twitter:data1\" content=\"Benoit Barbagli\" \/>\n\t<meta name=\"twitter:label2\" content=\"Est. reading time\" \/>\n\t<meta name=\"twitter:data2\" content=\"2 minutes\" \/>\n<script type=\"application\/ld+json\" class=\"yoast-schema-graph\">{\"@context\":\"https:\\\/\\\/schema.org\",\"@graph\":[{\"@type\":\"Article\",\"@id\":\"https:\\\/\\\/eva-vautier.com\\\/hors-les-murs-gregory-forstner-mo-co\\\/#article\",\"isPartOf\":{\"@id\":\"https:\\\/\\\/eva-vautier.com\\\/hors-les-murs-gregory-forstner-mo-co\\\/\"},\"author\":{\"name\":\"Benoit Barbagli\",\"@id\":\"https:\\\/\\\/eva-vautier.com\\\/en\\\/#\\\/schema\\\/person\\\/c9ec467ab6dbdf2e8f197cb662a4eeb6\"},\"headline\":\"Hors les murs &#8211; 2023 &#8211; Gregory Forstner &#8211; Gilles Miquelis &#8211; Exposition collective &#8211; MO.CO, Montpellier\",\"datePublished\":\"2023-02-25T16:06:11+00:00\",\"dateModified\":\"2024-03-02T19:51:32+00:00\",\"mainEntityOfPage\":{\"@id\":\"https:\\\/\\\/eva-vautier.com\\\/hors-les-murs-gregory-forstner-mo-co\\\/\"},\"wordCount\":433,\"publisher\":{\"@id\":\"https:\\\/\\\/eva-vautier.com\\\/en\\\/#organization\"},\"image\":{\"@id\":\"https:\\\/\\\/eva-vautier.com\\\/hors-les-murs-gregory-forstner-mo-co\\\/#primaryimage\"},\"thumbnailUrl\":\"https:\\\/\\\/eva-vautier.com\\\/wp-content\\\/uploads\\\/2023\\\/02\\\/21555a544ef95b4ede9a7ab92f20171be3a0264d-e1685020344174.jpeg\",\"articleSection\":[\"Hors les murs\"],\"inLanguage\":\"en-US\"},{\"@type\":\"WebPage\",\"@id\":\"https:\\\/\\\/eva-vautier.com\\\/hors-les-murs-gregory-forstner-mo-co\\\/\",\"url\":\"https:\\\/\\\/eva-vautier.com\\\/hors-les-murs-gregory-forstner-mo-co\\\/\",\"name\":\"Hors les murs - 2023 - Gregory Forstner - Gilles Miquelis - Exposition collective - MO.CO, Montpellier ~ Galerie Eva Vautier\",\"isPartOf\":{\"@id\":\"https:\\\/\\\/eva-vautier.com\\\/en\\\/#website\"},\"primaryImageOfPage\":{\"@id\":\"https:\\\/\\\/eva-vautier.com\\\/hors-les-murs-gregory-forstner-mo-co\\\/#primaryimage\"},\"image\":{\"@id\":\"https:\\\/\\\/eva-vautier.com\\\/hors-les-murs-gregory-forstner-mo-co\\\/#primaryimage\"},\"thumbnailUrl\":\"https:\\\/\\\/eva-vautier.com\\\/wp-content\\\/uploads\\\/2023\\\/02\\\/21555a544ef95b4ede9a7ab92f20171be3a0264d-e1685020344174.jpeg\",\"datePublished\":\"2023-02-25T16:06:11+00:00\",\"dateModified\":\"2024-03-02T19:51:32+00:00\",\"description\":\"Vitalit\u00e9 de la jeune peinture figurative fran\u00e7aiseImmortelle\u00a0propose un ambitieux panorama de la jeune peinture figurative fran\u00e7aise. D\u00e9ploy\u00e9e pour la premi\u00e8re fois sur l\u2019ensemble des centres d\u2019art, l\u2019exposition s\u2019organise en deux volets.Au MO.CO., seront pr\u00e9sent\u00e9s des artistes embl\u00e9matiques de la sc\u00e8ne fran\u00e7aise, n\u00e9s de 1970 au d\u00e9but des ann\u00e9es 80. L\u2019exposition g\u00e9n\u00e9reuse, sensible, entend rendre hommage \u00e0 la peinture, dans sa part physique, mati\u00e9riste, \u00e9rotique, romantique.Au MO.CO. Panac\u00e9e, la nouvelle g\u00e9n\u00e9ration du milieu des ann\u00e9es 80 et 90\u00a0propose une vision plurielle de l\u2019avenir de la peinture figurative \u00e0 travers une revisitation des grands genres traditionnels mix\u00e9s avec l\u2019apport de la contemporan\u00e9it\u00e9 et d\u2019enjeux\u00a0conceptuels\",\"inLanguage\":\"en-US\",\"potentialAction\":[{\"@type\":\"ReadAction\",\"target\":[\"https:\\\/\\\/eva-vautier.com\\\/hors-les-murs-gregory-forstner-mo-co\\\/\"]}]},{\"@type\":\"ImageObject\",\"inLanguage\":\"en-US\",\"@id\":\"https:\\\/\\\/eva-vautier.com\\\/hors-les-murs-gregory-forstner-mo-co\\\/#primaryimage\",\"url\":\"https:\\\/\\\/eva-vautier.com\\\/wp-content\\\/uploads\\\/2023\\\/02\\\/21555a544ef95b4ede9a7ab92f20171be3a0264d-e1685020344174.jpeg\",\"contentUrl\":\"https:\\\/\\\/eva-vautier.com\\\/wp-content\\\/uploads\\\/2023\\\/02\\\/21555a544ef95b4ede9a7ab92f20171be3a0264d-e1685020344174.jpeg\",\"width\":776,\"height\":1089},{\"@type\":\"WebSite\",\"@id\":\"https:\\\/\\\/eva-vautier.com\\\/en\\\/#website\",\"url\":\"https:\\\/\\\/eva-vautier.com\\\/en\\\/\",\"name\":\"Galerie Eva Vautier\",\"description\":\"Galerie d&#039;art contemporain\",\"publisher\":{\"@id\":\"https:\\\/\\\/eva-vautier.com\\\/en\\\/#organization\"},\"potentialAction\":[{\"@type\":\"SearchAction\",\"target\":{\"@type\":\"EntryPoint\",\"urlTemplate\":\"https:\\\/\\\/eva-vautier.com\\\/en\\\/?s={search_term_string}\"},\"query-input\":{\"@type\":\"PropertyValueSpecification\",\"valueRequired\":true,\"valueName\":\"search_term_string\"}}],\"inLanguage\":\"en-US\"},{\"@type\":\"Organization\",\"@id\":\"https:\\\/\\\/eva-vautier.com\\\/en\\\/#organization\",\"name\":\"Galerie Eva Vautier\",\"url\":\"https:\\\/\\\/eva-vautier.com\\\/en\\\/\",\"logo\":{\"@type\":\"ImageObject\",\"inLanguage\":\"en-US\",\"@id\":\"https:\\\/\\\/eva-vautier.com\\\/en\\\/#\\\/schema\\\/logo\\\/image\\\/\",\"url\":\"http:\\\/\\\/eva-vautier.com\\\/wp-content\\\/uploads\\\/2018\\\/09\\\/logo-galerie-illustrator-04-1.png\",\"contentUrl\":\"http:\\\/\\\/eva-vautier.com\\\/wp-content\\\/uploads\\\/2018\\\/09\\\/logo-galerie-illustrator-04-1.png\",\"width\":200,\"height\":24,\"caption\":\"Galerie Eva Vautier\"},\"image\":{\"@id\":\"https:\\\/\\\/eva-vautier.com\\\/en\\\/#\\\/schema\\\/logo\\\/image\\\/\"},\"sameAs\":[\"https:\\\/\\\/www.facebook.com\\\/evavautier\\\/\",\"https:\\\/\\\/x.com\\\/EvaVautier\",\"https:\\\/\\\/www.instagram.com\\\/galerieevavautier\\\/\"]},{\"@type\":\"Person\",\"@id\":\"https:\\\/\\\/eva-vautier.com\\\/en\\\/#\\\/schema\\\/person\\\/c9ec467ab6dbdf2e8f197cb662a4eeb6\",\"name\":\"Benoit Barbagli\",\"image\":{\"@type\":\"ImageObject\",\"inLanguage\":\"en-US\",\"@id\":\"https:\\\/\\\/eva-vautier.com\\\/wp-content\\\/uploads\\\/nsl_avatars\\\/aa215bc8d42aced5ba26c2a225f1569e.jpg\",\"url\":\"https:\\\/\\\/eva-vautier.com\\\/wp-content\\\/uploads\\\/nsl_avatars\\\/aa215bc8d42aced5ba26c2a225f1569e.jpg\",\"contentUrl\":\"https:\\\/\\\/eva-vautier.com\\\/wp-content\\\/uploads\\\/nsl_avatars\\\/aa215bc8d42aced5ba26c2a225f1569e.jpg\",\"caption\":\"Benoit Barbagli\"},\"sameAs\":[\"benoit.barbagli@gmail.com\"]}]}<\/script>\n<!-- \/ Yoast SEO plugin. -->","yoast_head_json":{"title":"Hors les murs - 2023 - Gregory Forstner - Gilles Miquelis - Exposition collective - MO.CO, Montpellier ~ Galerie Eva Vautier","description":"Vitalit\u00e9 de la jeune peinture figurative fran\u00e7aiseImmortelle\u00a0propose un ambitieux panorama de la jeune peinture figurative fran\u00e7aise. D\u00e9ploy\u00e9e pour la premi\u00e8re fois sur l\u2019ensemble des centres d\u2019art, l\u2019exposition s\u2019organise en deux volets.Au MO.CO., seront pr\u00e9sent\u00e9s des artistes embl\u00e9matiques de la sc\u00e8ne fran\u00e7aise, n\u00e9s de 1970 au d\u00e9but des ann\u00e9es 80. L\u2019exposition g\u00e9n\u00e9reuse, sensible, entend rendre hommage \u00e0 la peinture, dans sa part physique, mati\u00e9riste, \u00e9rotique, romantique.Au MO.CO. Panac\u00e9e, la nouvelle g\u00e9n\u00e9ration du milieu des ann\u00e9es 80 et 90\u00a0propose une vision plurielle de l\u2019avenir de la peinture figurative \u00e0 travers une revisitation des grands genres traditionnels mix\u00e9s avec l\u2019apport de la contemporan\u00e9it\u00e9 et d\u2019enjeux\u00a0conceptuels","robots":{"index":"index","follow":"follow","max-snippet":"max-snippet:-1","max-image-preview":"max-image-preview:large","max-video-preview":"max-video-preview:-1"},"canonical":"https:\/\/eva-vautier.com\/hors-les-murs-gregory-forstner-mo-co\/","og_locale":"en_US","og_type":"article","og_title":"Hors les murs - 2023 - Gregory Forstner - Gilles Miquelis - Exposition collective - MO.CO, Montpellier ~ Galerie Eva Vautier","og_description":"Vitalit\u00e9 de la jeune peinture figurative fran\u00e7aiseImmortelle\u00a0propose un ambitieux panorama de la jeune peinture figurative fran\u00e7aise. D\u00e9ploy\u00e9e pour la premi\u00e8re fois sur l\u2019ensemble des centres d\u2019art, l\u2019exposition s\u2019organise en deux volets.Au MO.CO., seront pr\u00e9sent\u00e9s des artistes embl\u00e9matiques de la sc\u00e8ne fran\u00e7aise, n\u00e9s de 1970 au d\u00e9but des ann\u00e9es 80. L\u2019exposition g\u00e9n\u00e9reuse, sensible, entend rendre hommage \u00e0 la peinture, dans sa part physique, mati\u00e9riste, \u00e9rotique, romantique.Au MO.CO. Panac\u00e9e, la nouvelle g\u00e9n\u00e9ration du milieu des ann\u00e9es 80 et 90\u00a0propose une vision plurielle de l\u2019avenir de la peinture figurative \u00e0 travers une revisitation des grands genres traditionnels mix\u00e9s avec l\u2019apport de la contemporan\u00e9it\u00e9 et d\u2019enjeux\u00a0conceptuels","og_url":"https:\/\/eva-vautier.com\/hors-les-murs-gregory-forstner-mo-co\/","og_site_name":"Galerie Eva Vautier","article_publisher":"https:\/\/www.facebook.com\/evavautier\/","article_published_time":"2023-02-25T16:06:11+00:00","article_modified_time":"2024-03-02T19:51:32+00:00","og_image":[{"width":776,"height":1089,"url":"https:\/\/eva-vautier.com\/wp-content\/uploads\/2023\/02\/21555a544ef95b4ede9a7ab92f20171be3a0264d-e1685020344174.jpeg","type":"image\/jpeg"}],"author":"Benoit Barbagli","twitter_card":"summary_large_image","twitter_creator":"@EvaVautier","twitter_site":"@EvaVautier","twitter_misc":{"Written by":"Benoit Barbagli","Est. reading time":"2 minutes"},"schema":{"@context":"https:\/\/schema.org","@graph":[{"@type":"Article","@id":"https:\/\/eva-vautier.com\/hors-les-murs-gregory-forstner-mo-co\/#article","isPartOf":{"@id":"https:\/\/eva-vautier.com\/hors-les-murs-gregory-forstner-mo-co\/"},"author":{"name":"Benoit Barbagli","@id":"https:\/\/eva-vautier.com\/en\/#\/schema\/person\/c9ec467ab6dbdf2e8f197cb662a4eeb6"},"headline":"Hors les murs &#8211; 2023 &#8211; Gregory Forstner &#8211; Gilles Miquelis &#8211; Exposition collective &#8211; MO.CO, Montpellier","datePublished":"2023-02-25T16:06:11+00:00","dateModified":"2024-03-02T19:51:32+00:00","mainEntityOfPage":{"@id":"https:\/\/eva-vautier.com\/hors-les-murs-gregory-forstner-mo-co\/"},"wordCount":433,"publisher":{"@id":"https:\/\/eva-vautier.com\/en\/#organization"},"image":{"@id":"https:\/\/eva-vautier.com\/hors-les-murs-gregory-forstner-mo-co\/#primaryimage"},"thumbnailUrl":"https:\/\/eva-vautier.com\/wp-content\/uploads\/2023\/02\/21555a544ef95b4ede9a7ab92f20171be3a0264d-e1685020344174.jpeg","articleSection":["Hors les murs"],"inLanguage":"en-US"},{"@type":"WebPage","@id":"https:\/\/eva-vautier.com\/hors-les-murs-gregory-forstner-mo-co\/","url":"https:\/\/eva-vautier.com\/hors-les-murs-gregory-forstner-mo-co\/","name":"Hors les murs - 2023 - Gregory Forstner - Gilles Miquelis - Exposition collective - MO.CO, Montpellier ~ Galerie Eva Vautier","isPartOf":{"@id":"https:\/\/eva-vautier.com\/en\/#website"},"primaryImageOfPage":{"@id":"https:\/\/eva-vautier.com\/hors-les-murs-gregory-forstner-mo-co\/#primaryimage"},"image":{"@id":"https:\/\/eva-vautier.com\/hors-les-murs-gregory-forstner-mo-co\/#primaryimage"},"thumbnailUrl":"https:\/\/eva-vautier.com\/wp-content\/uploads\/2023\/02\/21555a544ef95b4ede9a7ab92f20171be3a0264d-e1685020344174.jpeg","datePublished":"2023-02-25T16:06:11+00:00","dateModified":"2024-03-02T19:51:32+00:00","description":"Vitalit\u00e9 de la jeune peinture figurative fran\u00e7aiseImmortelle\u00a0propose un ambitieux panorama de la jeune peinture figurative fran\u00e7aise. D\u00e9ploy\u00e9e pour la premi\u00e8re fois sur l\u2019ensemble des centres d\u2019art, l\u2019exposition s\u2019organise en deux volets.Au MO.CO., seront pr\u00e9sent\u00e9s des artistes embl\u00e9matiques de la sc\u00e8ne fran\u00e7aise, n\u00e9s de 1970 au d\u00e9but des ann\u00e9es 80. L\u2019exposition g\u00e9n\u00e9reuse, sensible, entend rendre hommage \u00e0 la peinture, dans sa part physique, mati\u00e9riste, \u00e9rotique, romantique.Au MO.CO. Panac\u00e9e, la nouvelle g\u00e9n\u00e9ration du milieu des ann\u00e9es 80 et 90\u00a0propose une vision plurielle de l\u2019avenir de la peinture figurative \u00e0 travers une revisitation des grands genres traditionnels mix\u00e9s avec l\u2019apport de la contemporan\u00e9it\u00e9 et d\u2019enjeux\u00a0conceptuels","inLanguage":"en-US","potentialAction":[{"@type":"ReadAction","target":["https:\/\/eva-vautier.com\/hors-les-murs-gregory-forstner-mo-co\/"]}]},{"@type":"ImageObject","inLanguage":"en-US","@id":"https:\/\/eva-vautier.com\/hors-les-murs-gregory-forstner-mo-co\/#primaryimage","url":"https:\/\/eva-vautier.com\/wp-content\/uploads\/2023\/02\/21555a544ef95b4ede9a7ab92f20171be3a0264d-e1685020344174.jpeg","contentUrl":"https:\/\/eva-vautier.com\/wp-content\/uploads\/2023\/02\/21555a544ef95b4ede9a7ab92f20171be3a0264d-e1685020344174.jpeg","width":776,"height":1089},{"@type":"WebSite","@id":"https:\/\/eva-vautier.com\/en\/#website","url":"https:\/\/eva-vautier.com\/en\/","name":"Galerie Eva Vautier","description":"Galerie d&#039;art contemporain","publisher":{"@id":"https:\/\/eva-vautier.com\/en\/#organization"},"potentialAction":[{"@type":"SearchAction","target":{"@type":"EntryPoint","urlTemplate":"https:\/\/eva-vautier.com\/en\/?s={search_term_string}"},"query-input":{"@type":"PropertyValueSpecification","valueRequired":true,"valueName":"search_term_string"}}],"inLanguage":"en-US"},{"@type":"Organization","@id":"https:\/\/eva-vautier.com\/en\/#organization","name":"Galerie Eva Vautier","url":"https:\/\/eva-vautier.com\/en\/","logo":{"@type":"ImageObject","inLanguage":"en-US","@id":"https:\/\/eva-vautier.com\/en\/#\/schema\/logo\/image\/","url":"http:\/\/eva-vautier.com\/wp-content\/uploads\/2018\/09\/logo-galerie-illustrator-04-1.png","contentUrl":"http:\/\/eva-vautier.com\/wp-content\/uploads\/2018\/09\/logo-galerie-illustrator-04-1.png","width":200,"height":24,"caption":"Galerie Eva Vautier"},"image":{"@id":"https:\/\/eva-vautier.com\/en\/#\/schema\/logo\/image\/"},"sameAs":["https:\/\/www.facebook.com\/evavautier\/","https:\/\/x.com\/EvaVautier","https:\/\/www.instagram.com\/galerieevavautier\/"]},{"@type":"Person","@id":"https:\/\/eva-vautier.com\/en\/#\/schema\/person\/c9ec467ab6dbdf2e8f197cb662a4eeb6","name":"Benoit Barbagli","image":{"@type":"ImageObject","inLanguage":"en-US","@id":"https:\/\/eva-vautier.com\/wp-content\/uploads\/nsl_avatars\/aa215bc8d42aced5ba26c2a225f1569e.jpg","url":"https:\/\/eva-vautier.com\/wp-content\/uploads\/nsl_avatars\/aa215bc8d42aced5ba26c2a225f1569e.jpg","contentUrl":"https:\/\/eva-vautier.com\/wp-content\/uploads\/nsl_avatars\/aa215bc8d42aced5ba26c2a225f1569e.jpg","caption":"Benoit Barbagli"},"sameAs":["benoit.barbagli@gmail.com"]}]}},"_links":{"self":[{"href":"https:\/\/eva-vautier.com\/en\/wp-json\/wp\/v2\/posts\/77054","targetHints":{"allow":["GET"]}}],"collection":[{"href":"https:\/\/eva-vautier.com\/en\/wp-json\/wp\/v2\/posts"}],"about":[{"href":"https:\/\/eva-vautier.com\/en\/wp-json\/wp\/v2\/types\/post"}],"author":[{"embeddable":true,"href":"https:\/\/eva-vautier.com\/en\/wp-json\/wp\/v2\/users\/1"}],"replies":[{"embeddable":true,"href":"https:\/\/eva-vautier.com\/en\/wp-json\/wp\/v2\/comments?post=77054"}],"version-history":[{"count":0,"href":"https:\/\/eva-vautier.com\/en\/wp-json\/wp\/v2\/posts\/77054\/revisions"}],"wp:featuredmedia":[{"embeddable":true,"href":"https:\/\/eva-vautier.com\/en\/wp-json\/wp\/v2\/media\/77095"}],"wp:attachment":[{"href":"https:\/\/eva-vautier.com\/en\/wp-json\/wp\/v2\/media?parent=77054"}],"wp:term":[{"taxonomy":"category","embeddable":true,"href":"https:\/\/eva-vautier.com\/en\/wp-json\/wp\/v2\/categories?post=77054"},{"taxonomy":"post_tag","embeddable":true,"href":"https:\/\/eva-vautier.com\/en\/wp-json\/wp\/v2\/tags?post=77054"}],"curies":[{"name":"wp","href":"https:\/\/api.w.org\/{rel}","templated":true}]}}